{"id":7356,"date":"2024-05-02T13:22:12","date_gmt":"2024-05-02T10:22:12","guid":{"rendered":"https:\/\/visitoulu.fi\/?p=7356"},"modified":"2025-05-05T11:22:47","modified_gmt":"2025-05-05T08:22:47","slug":"nai-celebrate-fence-day-2025-in-oulu-see-lunch-and-treats-in-one-place","status":"publish","type":"post","link":"http:\/\/visitoulufi-2025-10-14_10_27_17.test.cchosting.fi\/en\/nai-celebrate-fence-day-2025-in-oulu-see-lunch-and-treats-in-one-place\/","title":{"rendered":"How to celebrate Mother's Day 2025 in Oulu - see all the lunches and experiences in one place!"},"content":{"rendered":"<p>Mother's Day will be celebrated this year on Sunday 11.5.2025, and in Oulu the day will be celebrated in many ways! Several restaurants in the city will be serving festive Mother's Day menus, combining delicious flavours and a cosy get-together. This article brings together the best places to eat and go on Mother's Day in Oulu. Get inspired, book a table or an experience and make your mother's day a memorable one.<\/p>\n\n\n\n<p>Visit Oulu wishes all mothers a wonderful Mother's Day!<\/p>\n\n\n\n<p><\/p>","protected":false},"excerpt":{"rendered":"<p>\u00c4itienp\u00e4iv\u00e4\u00e4 juhlitaan t\u00e4n\u00e4 vuonna sunnuntaina 11.5.2025, ja Oulussa juhlap\u00e4iv\u00e4\u00e4 vietet\u00e4\u00e4n monin tavoin! Useat kaupungin ravintolat tarjoilevat tuolloin juhlavia \u00e4itienp\u00e4iv\u00e4menuita, joissa yhdistyv\u00e4t herkulliset maut ja tunnelmallinen yhdess\u00e4olo. T\u00e4h\u00e4n artikkeliin on koottu Oulun \u00e4itienp\u00e4iv\u00e4n parhaat lounaspaikat ja menovinkit. Inspiroidu, varaa p\u00f6yt\u00e4 tai el\u00e4mys ja tee \u00e4idille p\u00e4iv\u00e4st\u00e4 ikimuistoinen. Visit Oulu toivottaa kaikille \u00e4ideille ihanaa \u00e4itienp\u00e4iv\u00e4\u00e4! [&#8230;]<\/p>\n<p><a class=\"btn btn-secondary understrap-read-more-link\" href=\"http:\/\/visitoulufi-2025-10-14_10_27_17.test.cchosting.fi\/en\/nai-celebrate-fence-day-2025-in-oulu-see-lunch-and-treats-in-one-place\/\">Read More&#8230;<span class=\"screen-reader-text\"> from N\u00e4in juhlit \u00e4itienp\u00e4iv\u00e4\u00e4 2025 Oulussa &#8211; katso lounaat ja el\u00e4mykset yhdest\u00e4 paikasta!<\/span><\/a><\/p>","protected":false},"author":16,"featured_media":10139,"comment_status":"closed","ping_status":"open","sticky":false,"template":"","format":"standard","meta":{"_acf_changed":false,"content-type":"","footnotes":""},"categories":[111,1],"tags":[],"coauthors":[170],"class_list":["post-7356","post","type-post","status-publish","format-standard","has-post-thumbnail","hentry","category-naekoe","category-uncategorized-fi"],"acf":[],"yoast_head":"<!-- This site is optimized with the Yoast SEO plugin v26.0 - https:\/\/yoast.com\/wordpress\/plugins\/seo\/ -->\n<title>N\u00e4in juhlit \u00e4itienp\u00e4iv\u00e4\u00e4 2025 Oulussa - katso lounaat ja el\u00e4mykset yhdest\u00e4 paikasta! - Visit Oulu<\/title>\n<meta name=\"robots\" content=\"index, follow, max-snippet:-1, max-image-preview:large, max-video-preview:-1\" \/>\n<link rel=\"canonical\" href=\"https:\/\/visitoulufi-2025-10-14_10_27_17.test.cchosting.fi\/en\/nai-celebrate-fence-day-2025-in-oulu-see-lunch-and-treats-in-one-place\/\" \/>\n<meta property=\"og:locale\" content=\"en_US\" \/>\n<meta property=\"og:type\" content=\"article\" \/>\n<meta property=\"og:title\" content=\"N\u00e4in juhlit \u00e4itienp\u00e4iv\u00e4\u00e4 2025 Oulussa - katso lounaat ja el\u00e4mykset yhdest\u00e4 paikasta! - Visit Oulu\" \/>\n<meta property=\"og:description\" content=\"\u00c4itienp\u00e4iv\u00e4\u00e4 juhlitaan t\u00e4n\u00e4 vuonna sunnuntaina 11.5.2025, ja Oulussa juhlap\u00e4iv\u00e4\u00e4 vietet\u00e4\u00e4n monin tavoin! Useat kaupungin ravintolat tarjoilevat tuolloin juhlavia \u00e4itienp\u00e4iv\u00e4menuita, joissa yhdistyv\u00e4t herkulliset maut ja tunnelmallinen yhdess\u00e4olo. T\u00e4h\u00e4n artikkeliin on koottu Oulun \u00e4itienp\u00e4iv\u00e4n parhaat lounaspaikat ja menovinkit. Inspiroidu, varaa p\u00f6yt\u00e4 tai el\u00e4mys ja tee \u00e4idille p\u00e4iv\u00e4st\u00e4 ikimuistoinen. Visit Oulu toivottaa kaikille \u00e4ideille ihanaa \u00e4itienp\u00e4iv\u00e4\u00e4! [...]Read More... from N\u00e4in juhlit \u00e4itienp\u00e4iv\u00e4\u00e4 2025 Oulussa &#8211; katso lounaat ja el\u00e4mykset yhdest\u00e4 paikasta!\" \/>\n<meta property=\"og:url\" content=\"https:\/\/visitoulufi-2025-10-14_10_27_17.test.cchosting.fi\/en\/nai-celebrate-fence-day-2025-in-oulu-see-lunch-and-treats-in-one-place\/\" \/>\n<meta property=\"og:site_name\" content=\"Visit Oulu\" \/>\n<meta property=\"article:published_time\" content=\"2024-05-02T10:22:12+00:00\" \/>\n<meta property=\"article:modified_time\" content=\"2025-05-05T08:22:47+00:00\" \/>\n<meta property=\"og:image\" content=\"https:\/\/visitoulufi-2025-10-14_10_27_17.test.cchosting.fi\/wp-content\/uploads\/2024\/05\/DSC09447-2-scaled.jpg\" \/>\n\t<meta property=\"og:image:width\" content=\"2560\" \/>\n\t<meta property=\"og:image:height\" content=\"1707\" \/>\n\t<meta property=\"og:image:type\" content=\"image\/jpeg\" \/>\n<meta name=\"author\" content=\"Martta Tervonen\" \/>\n<meta name=\"twitter:card\" content=\"summary_large_image\" \/>\n<meta name=\"twitter:label1\" content=\"Written by\" \/>\n\t<meta name=\"twitter:data1\" content=\"Martta Tervonen\" \/>\n\t<meta name=\"twitter:label2\" content=\"Est. reading time\" \/>\n\t<meta name=\"twitter:data2\" content=\"7 minutes\" \/>\n<script type=\"application\/ld+json\" class=\"yoast-schema-graph\">{\"@context\":\"https:\/\/schema.org\",\"@graph\":[{\"@type\":\"WebPage\",\"@id\":\"https:\/\/visitoulufi-2025-10-14_10_27_17.test.cchosting.fi\/nain-juhlit-aitienpaivaa-2025-oulussa-katso-lounaat-ja-elamykset-yhdesta-paikasta\/\",\"url\":\"https:\/\/visitoulufi-2025-10-14_10_27_17.test.cchosting.fi\/nain-juhlit-aitienpaivaa-2025-oulussa-katso-lounaat-ja-elamykset-yhdesta-paikasta\/\",\"name\":\"N\u00e4in juhlit \u00e4itienp\u00e4iv\u00e4\u00e4 2025 Oulussa - katso lounaat ja el\u00e4mykset yhdest\u00e4 paikasta! - Visit Oulu\",\"isPartOf\":{\"@id\":\"https:\/\/visitoulufi-2025-10-14_10_27_17.test.cchosting.fi\/#website\"},\"primaryImageOfPage\":{\"@id\":\"https:\/\/visitoulufi-2025-10-14_10_27_17.test.cchosting.fi\/nain-juhlit-aitienpaivaa-2025-oulussa-katso-lounaat-ja-elamykset-yhdesta-paikasta\/#primaryimage\"},\"image\":{\"@id\":\"https:\/\/visitoulufi-2025-10-14_10_27_17.test.cchosting.fi\/nain-juhlit-aitienpaivaa-2025-oulussa-katso-lounaat-ja-elamykset-yhdesta-paikasta\/#primaryimage\"},\"thumbnailUrl\":\"https:\/\/visitoulufi-2025-10-14_10_27_17.test.cchosting.fi\/wp-content\/uploads\/2024\/05\/DSC09447-2-scaled.jpg\",\"datePublished\":\"2024-05-02T10:22:12+00:00\",\"dateModified\":\"2025-05-05T08:22:47+00:00\",\"author\":{\"@id\":\"https:\/\/visitoulufi-2025-10-14_10_27_17.test.cchosting.fi\/#\/schema\/person\/e4fa22cddd885815635ef576a4671ea5\"},\"breadcrumb\":{\"@id\":\"https:\/\/visitoulufi-2025-10-14_10_27_17.test.cchosting.fi\/nain-juhlit-aitienpaivaa-2025-oulussa-katso-lounaat-ja-elamykset-yhdesta-paikasta\/#breadcrumb\"},\"inLanguage\":\"en-US\",\"potentialAction\":[{\"@type\":\"ReadAction\",\"target\":[\"https:\/\/visitoulufi-2025-10-14_10_27_17.test.cchosting.fi\/nain-juhlit-aitienpaivaa-2025-oulussa-katso-lounaat-ja-elamykset-yhdesta-paikasta\/\"]}]},{\"@type\":\"ImageObject\",\"inLanguage\":\"en-US\",\"@id\":\"https:\/\/visitoulufi-2025-10-14_10_27_17.test.cchosting.fi\/nain-juhlit-aitienpaivaa-2025-oulussa-katso-lounaat-ja-elamykset-yhdesta-paikasta\/#primaryimage\",\"url\":\"https:\/\/visitoulufi-2025-10-14_10_27_17.test.cchosting.fi\/wp-content\/uploads\/2024\/05\/DSC09447-2-scaled.jpg\",\"contentUrl\":\"https:\/\/visitoulufi-2025-10-14_10_27_17.test.cchosting.fi\/wp-content\/uploads\/2024\/05\/DSC09447-2-scaled.jpg\",\"width\":2560,\"height\":1707},{\"@type\":\"BreadcrumbList\",\"@id\":\"https:\/\/visitoulufi-2025-10-14_10_27_17.test.cchosting.fi\/nain-juhlit-aitienpaivaa-2025-oulussa-katso-lounaat-ja-elamykset-yhdesta-paikasta\/#breadcrumb\",\"itemListElement\":[{\"@type\":\"ListItem\",\"position\":1,\"name\":\"Etusivu\",\"item\":\"https:\/\/visitoulufi-2025-10-14_10_27_17.test.cchosting.fi\/\"},{\"@type\":\"ListItem\",\"position\":2,\"name\":\"N\u00e4in juhlit \u00e4itienp\u00e4iv\u00e4\u00e4 2025 Oulussa &#8211; katso lounaat ja el\u00e4mykset yhdest\u00e4 paikasta!\"}]},{\"@type\":\"WebSite\",\"@id\":\"https:\/\/visitoulufi-2025-10-14_10_27_17.test.cchosting.fi\/#website\",\"url\":\"https:\/\/visitoulufi-2025-10-14_10_27_17.test.cchosting.fi\/\",\"name\":\"Visit Oulu\",\"description\":\"\",\"potentialAction\":[{\"@type\":\"SearchAction\",\"target\":{\"@type\":\"EntryPoint\",\"urlTemplate\":\"https:\/\/visitoulufi-2025-10-14_10_27_17.test.cchosting.fi\/?s={search_term_string}\"},\"query-input\":{\"@type\":\"PropertyValueSpecification\",\"valueRequired\":true,\"valueName\":\"search_term_string\"}}],\"inLanguage\":\"en-US\"},{\"@type\":\"Person\",\"@id\":\"https:\/\/visitoulufi-2025-10-14_10_27_17.test.cchosting.fi\/#\/schema\/person\/e4fa22cddd885815635ef576a4671ea5\",\"name\":\"Martta Tervonen\",\"image\":{\"@type\":\"ImageObject\",\"inLanguage\":\"en-US\",\"@id\":\"https:\/\/visitoulufi-2025-10-14_10_27_17.test.cchosting.fi\/#\/schema\/person\/image\/f7518900e54810cb0b6e210276371a2b\",\"url\":\"https:\/\/secure.gravatar.com\/avatar\/5d56cbcb037a03cd27f55c0d517ea5d960decae21472e09ed443ee49b54972e6?s=96&d=mm&r=g\",\"contentUrl\":\"https:\/\/secure.gravatar.com\/avatar\/5d56cbcb037a03cd27f55c0d517ea5d960decae21472e09ed443ee49b54972e6?s=96&d=mm&r=g\",\"caption\":\"Martta Tervonen\"},\"url\":\"http:\/\/visitoulufi-2025-10-14_10_27_17.test.cchosting.fi\/en\/author\/martta\/\"}]}<\/script>\n<!-- \/ Yoast SEO plugin. -->","yoast_head_json":{"title":"How to celebrate Mother's Day 2025 in Oulu - see all the lunches and experiences in one place! - Visit Oulu","robots":{"index":"index","follow":"follow","max-snippet":"max-snippet:-1","max-image-preview":"max-image-preview:large","max-video-preview":"max-video-preview:-1"},"canonical":"https:\/\/visitoulufi-2025-10-14_10_27_17.test.cchosting.fi\/en\/nai-celebrate-fence-day-2025-in-oulu-see-lunch-and-treats-in-one-place\/","og_locale":"en_US","og_type":"article","og_title":"N\u00e4in juhlit \u00e4itienp\u00e4iv\u00e4\u00e4 2025 Oulussa - katso lounaat ja el\u00e4mykset yhdest\u00e4 paikasta! - Visit Oulu","og_description":"\u00c4itienp\u00e4iv\u00e4\u00e4 juhlitaan t\u00e4n\u00e4 vuonna sunnuntaina 11.5.2025, ja Oulussa juhlap\u00e4iv\u00e4\u00e4 vietet\u00e4\u00e4n monin tavoin! Useat kaupungin ravintolat tarjoilevat tuolloin juhlavia \u00e4itienp\u00e4iv\u00e4menuita, joissa yhdistyv\u00e4t herkulliset maut ja tunnelmallinen yhdess\u00e4olo. T\u00e4h\u00e4n artikkeliin on koottu Oulun \u00e4itienp\u00e4iv\u00e4n parhaat lounaspaikat ja menovinkit. Inspiroidu, varaa p\u00f6yt\u00e4 tai el\u00e4mys ja tee \u00e4idille p\u00e4iv\u00e4st\u00e4 ikimuistoinen. Visit Oulu toivottaa kaikille \u00e4ideille ihanaa \u00e4itienp\u00e4iv\u00e4\u00e4! [...]Read More... from N\u00e4in juhlit \u00e4itienp\u00e4iv\u00e4\u00e4 2025 Oulussa &#8211; katso lounaat ja el\u00e4mykset yhdest\u00e4 paikasta!","og_url":"https:\/\/visitoulufi-2025-10-14_10_27_17.test.cchosting.fi\/en\/nai-celebrate-fence-day-2025-in-oulu-see-lunch-and-treats-in-one-place\/","og_site_name":"Visit Oulu","article_published_time":"2024-05-02T10:22:12+00:00","article_modified_time":"2025-05-05T08:22:47+00:00","og_image":[{"width":2560,"height":1707,"url":"https:\/\/visitoulufi-2025-10-14_10_27_17.test.cchosting.fi\/wp-content\/uploads\/2024\/05\/DSC09447-2-scaled.jpg","type":"image\/jpeg"}],"author":"Martta Tervonen","twitter_card":"summary_large_image","twitter_misc":{"Written by":"Martta Tervonen","Est. reading time":"7 minutes"},"schema":{"@context":"https:\/\/schema.org","@graph":[{"@type":"WebPage","@id":"https:\/\/visitoulufi-2025-10-14_10_27_17.test.cchosting.fi\/nain-juhlit-aitienpaivaa-2025-oulussa-katso-lounaat-ja-elamykset-yhdesta-paikasta\/","url":"https:\/\/visitoulufi-2025-10-14_10_27_17.test.cchosting.fi\/nain-juhlit-aitienpaivaa-2025-oulussa-katso-lounaat-ja-elamykset-yhdesta-paikasta\/","name":"How to celebrate Mother's Day 2025 in Oulu - see all the lunches and experiences in one place! - Visit Oulu","isPartOf":{"@id":"https:\/\/visitoulufi-2025-10-14_10_27_17.test.cchosting.fi\/#website"},"primaryImageOfPage":{"@id":"https:\/\/visitoulufi-2025-10-14_10_27_17.test.cchosting.fi\/nain-juhlit-aitienpaivaa-2025-oulussa-katso-lounaat-ja-elamykset-yhdesta-paikasta\/#primaryimage"},"image":{"@id":"https:\/\/visitoulufi-2025-10-14_10_27_17.test.cchosting.fi\/nain-juhlit-aitienpaivaa-2025-oulussa-katso-lounaat-ja-elamykset-yhdesta-paikasta\/#primaryimage"},"thumbnailUrl":"https:\/\/visitoulufi-2025-10-14_10_27_17.test.cchosting.fi\/wp-content\/uploads\/2024\/05\/DSC09447-2-scaled.jpg","datePublished":"2024-05-02T10:22:12+00:00","dateModified":"2025-05-05T08:22:47+00:00","author":{"@id":"https:\/\/visitoulufi-2025-10-14_10_27_17.test.cchosting.fi\/#\/schema\/person\/e4fa22cddd885815635ef576a4671ea5"},"breadcrumb":{"@id":"https:\/\/visitoulufi-2025-10-14_10_27_17.test.cchosting.fi\/nain-juhlit-aitienpaivaa-2025-oulussa-katso-lounaat-ja-elamykset-yhdesta-paikasta\/#breadcrumb"},"inLanguage":"en-US","potentialAction":[{"@type":"ReadAction","target":["https:\/\/visitoulufi-2025-10-14_10_27_17.test.cchosting.fi\/nain-juhlit-aitienpaivaa-2025-oulussa-katso-lounaat-ja-elamykset-yhdesta-paikasta\/"]}]},{"@type":"ImageObject","inLanguage":"en-US","@id":"https:\/\/visitoulufi-2025-10-14_10_27_17.test.cchosting.fi\/nain-juhlit-aitienpaivaa-2025-oulussa-katso-lounaat-ja-elamykset-yhdesta-paikasta\/#primaryimage","url":"https:\/\/visitoulufi-2025-10-14_10_27_17.test.cchosting.fi\/wp-content\/uploads\/2024\/05\/DSC09447-2-scaled.jpg","contentUrl":"https:\/\/visitoulufi-2025-10-14_10_27_17.test.cchosting.fi\/wp-content\/uploads\/2024\/05\/DSC09447-2-scaled.jpg","width":2560,"height":1707},{"@type":"BreadcrumbList","@id":"https:\/\/visitoulufi-2025-10-14_10_27_17.test.cchosting.fi\/nain-juhlit-aitienpaivaa-2025-oulussa-katso-lounaat-ja-elamykset-yhdesta-paikasta\/#breadcrumb","itemListElement":[{"@type":"ListItem","position":1,"name":"Etusivu","item":"https:\/\/visitoulufi-2025-10-14_10_27_17.test.cchosting.fi\/"},{"@type":"ListItem","position":2,"name":"N\u00e4in juhlit \u00e4itienp\u00e4iv\u00e4\u00e4 2025 Oulussa &#8211; katso lounaat ja el\u00e4mykset yhdest\u00e4 paikasta!"}]},{"@type":"WebSite","@id":"https:\/\/visitoulufi-2025-10-14_10_27_17.test.cchosting.fi\/#website","url":"https:\/\/visitoulufi-2025-10-14_10_27_17.test.cchosting.fi\/","name":"Visit Oulu","description":"","potentialAction":[{"@type":"SearchAction","target":{"@type":"EntryPoint","urlTemplate":"https:\/\/visitoulufi-2025-10-14_10_27_17.test.cchosting.fi\/?s={search_term_string}"},"query-input":{"@type":"PropertyValueSpecification","valueRequired":true,"valueName":"search_term_string"}}],"inLanguage":"en-US"},{"@type":"Person","@id":"https:\/\/visitoulufi-2025-10-14_10_27_17.test.cchosting.fi\/#\/schema\/person\/e4fa22cddd885815635ef576a4671ea5","name":"Martta Tervonen","image":{"@type":"ImageObject","inLanguage":"en-US","@id":"https:\/\/visitoulufi-2025-10-14_10_27_17.test.cchosting.fi\/#\/schema\/person\/image\/f7518900e54810cb0b6e210276371a2b","url":"https:\/\/secure.gravatar.com\/avatar\/5d56cbcb037a03cd27f55c0d517ea5d960decae21472e09ed443ee49b54972e6?s=96&d=mm&r=g","contentUrl":"https:\/\/secure.gravatar.com\/avatar\/5d56cbcb037a03cd27f55c0d517ea5d960decae21472e09ed443ee49b54972e6?s=96&d=mm&r=g","caption":"Martta Tervonen"},"url":"http:\/\/visitoulufi-2025-10-14_10_27_17.test.cchosting.fi\/en\/author\/martta\/"}]}},"_links":{"self":[{"href":"http:\/\/visitoulufi-2025-10-14_10_27_17.test.cchosting.fi\/en\/wp-json\/wp\/v2\/posts\/7356","targetHints":{"allow":["GET"]}}],"collection":[{"href":"http:\/\/visitoulufi-2025-10-14_10_27_17.test.cchosting.fi\/en\/wp-json\/wp\/v2\/posts"}],"about":[{"href":"http:\/\/visitoulufi-2025-10-14_10_27_17.test.cchosting.fi\/en\/wp-json\/wp\/v2\/types\/post"}],"author":[{"embeddable":true,"href":"http:\/\/visitoulufi-2025-10-14_10_27_17.test.cchosting.fi\/en\/wp-json\/wp\/v2\/users\/16"}],"replies":[{"embeddable":true,"href":"http:\/\/visitoulufi-2025-10-14_10_27_17.test.cchosting.fi\/en\/wp-json\/wp\/v2\/comments?post=7356"}],"version-history":[{"count":74,"href":"http:\/\/visitoulufi-2025-10-14_10_27_17.test.cchosting.fi\/en\/wp-json\/wp\/v2\/posts\/7356\/revisions"}],"predecessor-version":[{"id":10316,"href":"http:\/\/visitoulufi-2025-10-14_10_27_17.test.cchosting.fi\/en\/wp-json\/wp\/v2\/posts\/7356\/revisions\/10316"}],"wp:featuredmedia":[{"embeddable":true,"href":"http:\/\/visitoulufi-2025-10-14_10_27_17.test.cchosting.fi\/en\/wp-json\/wp\/v2\/media\/10139"}],"wp:attachment":[{"href":"http:\/\/visitoulufi-2025-10-14_10_27_17.test.cchosting.fi\/en\/wp-json\/wp\/v2\/media?parent=7356"}],"wp:term":[{"taxonomy":"category","embeddable":true,"href":"http:\/\/visitoulufi-2025-10-14_10_27_17.test.cchosting.fi\/en\/wp-json\/wp\/v2\/categories?post=7356"},{"taxonomy":"post_tag","embeddable":true,"href":"http:\/\/visitoulufi-2025-10-14_10_27_17.test.cchosting.fi\/en\/wp-json\/wp\/v2\/tags?post=7356"},{"taxonomy":"author","embeddable":true,"href":"http:\/\/visitoulufi-2025-10-14_10_27_17.test.cchosting.fi\/en\/wp-json\/wp\/v2\/coauthors?post=7356"}],"curies":[{"name":"wp","href":"https:\/\/api.w.org\/{rel}","templated":true}]}}